[{"command":"settings","settings":{"pluralDelimiter":"\u0003","suppressDeprecationErrors":true,"ajaxPageState":{"libraries":"eJw1yUEKwCAMBMAPiT5JNhpbixqJEUpf30PpaQ5DIrZMMSNBtUooot0lUQ5Z90TzuaLJ4XHhducmYg0fsWPUwstgVcZ_D2ibxITGI0NfI9cluQ","theme":"hubber_reference8","theme_token":null},"ajaxTrustedUrl":{"form_action_p_pvdeGsVG5zNF_XLGPTvYSKCf43t8qZYSwcfZl2uzM":true},"locale":"fr","user":{"uid":0,"permissionsHash":"1596a5de813c03e06fcea337dcdd6fbb1cf592dfefee228dd962426210db5b22"}},"merge":true},{"command":"add_css","data":[{"rel":"stylesheet","media":"all","href":"\/sites\/hubber_site_pleyel8\/files\/css\/css_VwKJRALQptY4RXuIbzdP4stgEC4-4dc7T_RcE20Dsuc.css?delta=0\u0026language=fr\u0026theme=hubber_reference8\u0026include=eJxVyMENgCAQBMCGiJRE9gAVgy5Zj8RYvW_nOUb67cJIBqkxrtQZMlVj0RzoCw48vygNnVvYp1lVfGHTmTJ6vQr0AfPBHyk"},{"rel":"stylesheet","media":"all","href":"\/sites\/hubber_site_pleyel8\/files\/css\/css_awSii7VkEtkDsYYRTjBCs6LF2vY-XcK5GsjgxBSMoMQ.css?delta=1\u0026language=fr\u0026theme=hubber_reference8\u0026include=eJxVyMENgCAQBMCGiJRE9gAVgy5Zj8RYvW_nOUb67cJIBqkxrtQZMlVj0RzoCw48vygNnVvYp1lVfGHTmTJ6vQr0AfPBHyk"}]},{"command":"add_js","selector":"body","data":[{"src":"\/sites\/hubber_site_pleyel8\/files\/js\/js_9tqkVmCDhNHHqw7xA1nTOFgmR92FGreMN9Y348_IB8U.js?scope=footer\u0026delta=0\u0026language=fr\u0026theme=hubber_reference8\u0026include=eJxLzi9K1U8pKi1IzNFLyUzMyU_XS8xKrNDJKE1KSi3Sh1DxuYl5mWmpxSWJJZn5eTC5qsSk0pL8-OTEnNS8lMQiAC_RHO4"}]},{"command":"openDialog","selector":"#drupal-modal","settings":null,"data":"\u003Ch2\u003EVeuillez s\u00e9lectionner la s\u00e9ance d\u00e9sir\u00e9e pour \u003Cem class=\u0022placeholder\u0022\u003ESLIMANE SYMPHONIQUE\u003C\/em\u003E\u003C\/h2\u003E\n\n\u003Cform class=\u0022js-hubber-select-meeting-form manifestation-calendar\u0022 data-drupal-selector=\u0022hubber-select-meeting-form\u0022 action=\u0022\/fr\/select_meeting\/745\u0022 method=\u0022post\u0022 id=\u0022hubber-select-meeting-form\u0022 accept-charset=\u0022UTF-8\u0022\u003E\n  \n\n\n\n\n\n  \u003Cdiv class=\u0022js-form-item js-form-type-calendar form-type-calendar js-form-item-meeting-calendar form-item-meeting-calendar form-no-label\u0022\u003E\n                          \u003Cinput class=\u0022js-calendar-events form-control\u0022 data-drupal-selector=\u0022edit-meeting-calendar-calendar-events\u0022 type=\u0022hidden\u0022 name=\u0022meeting_calendar[calendar_events]\u0022 value=\u0022{\u0026quot;events\u0026quot;:[{\u0026quot;date\u0026quot;:\u0026quot;2026-06-11\u0026quot;,\u0026quot;title\u0026quot;:\u0026quot;SLIMANE SYMPHONIQUE\u0026quot;,\u0026quot;id\u0026quot;:\u0026quot;1036\u0026quot;,\u0026quot;time\u0026quot;:\u0026quot;Jeudi 11 juin 2026 - 20:00\u0026quot;,\u0026quot;time_short\u0026quot;:\u0026quot;20:00\u0026quot;,\u0026quot;url\u0026quot;:\u0026quot;\\\/fr\\\/product\\\/1096\\\/salle_pleyel\\\/slimane_symphonique\u0026quot;,\u0026quot;is_sale\u0026quot;:true,\u0026quot;classname\u0026quot;:\u0026quot;sale\u0026quot;,\u0026quot;infos\u0026quot;:\u0026quot;\u0026quot;,\u0026quot;detail_meeting\u0026quot;:\u0026quot;\u0026lt;span\u0026gt;\u0026lt;a href=\\\u0026quot;\\\/fr\\\/product\\\/1096\\\/salle_pleyel\\\/slimane_symphonique\\\u0026quot;\u0026gt;20:00\u0026lt;\\\/a\u0026gt; \u0026lt;\\\/span\u0026gt;\u0026quot;},{\u0026quot;date\u0026quot;:\u0026quot;2026-06-14\u0026quot;,\u0026quot;title\u0026quot;:\u0026quot;SLIMANE SYMPHONIQUE\u0026quot;,\u0026quot;id\u0026quot;:\u0026quot;1039\u0026quot;,\u0026quot;time\u0026quot;:\u0026quot;Dimanche 14 juin 2026 - 18:00\u0026quot;,\u0026quot;time_short\u0026quot;:\u0026quot;18:00\u0026quot;,\u0026quot;url\u0026quot;:\u0026quot;\\\/fr\\\/product\\\/1099\\\/salle_pleyel\\\/slimane_symphonique\u0026quot;,\u0026quot;is_sale\u0026quot;:true,\u0026quot;classname\u0026quot;:\u0026quot;sale\u0026quot;,\u0026quot;infos\u0026quot;:\u0026quot;\u0026quot;,\u0026quot;detail_meeting\u0026quot;:\u0026quot;\u0026lt;span\u0026gt;\u0026lt;a href=\\\u0026quot;\\\/fr\\\/product\\\/1099\\\/salle_pleyel\\\/slimane_symphonique\\\u0026quot;\u0026gt;18:00\u0026lt;\\\/a\u0026gt; \u0026lt;\\\/span\u0026gt;\u0026quot;},{\u0026quot;date\u0026quot;:\u0026quot;2026-06-19\u0026quot;,\u0026quot;title\u0026quot;:\u0026quot;SLIMANE SYMPHONIQUE\u0026quot;,\u0026quot;id\u0026quot;:\u0026quot;1042\u0026quot;,\u0026quot;time\u0026quot;:\u0026quot;Vendredi 19 juin 2026 - 20:00\u0026quot;,\u0026quot;time_short\u0026quot;:\u0026quot;20:00\u0026quot;,\u0026quot;url\u0026quot;:\u0026quot;\\\/fr\\\/product\\\/1102\\\/salle_pleyel\\\/slimane_symphonique\u0026quot;,\u0026quot;is_sale\u0026quot;:true,\u0026quot;classname\u0026quot;:\u0026quot;sale\u0026quot;,\u0026quot;infos\u0026quot;:\u0026quot;\u0026quot;,\u0026quot;detail_meeting\u0026quot;:\u0026quot;\u0026lt;span\u0026gt;\u0026lt;a href=\\\u0026quot;\\\/fr\\\/product\\\/1102\\\/salle_pleyel\\\/slimane_symphonique\\\u0026quot;\u0026gt;20:00\u0026lt;\\\/a\u0026gt; \u0026lt;\\\/span\u0026gt;\u0026quot;},{\u0026quot;date\u0026quot;:\u0026quot;2026-06-20\u0026quot;,\u0026quot;title\u0026quot;:\u0026quot;SLIMANE SYMPHONIQUE\u0026quot;,\u0026quot;id\u0026quot;:\u0026quot;1045\u0026quot;,\u0026quot;time\u0026quot;:\u0026quot;Samedi 20 juin 2026 - 20:00\u0026quot;,\u0026quot;time_short\u0026quot;:\u0026quot;20:00\u0026quot;,\u0026quot;url\u0026quot;:\u0026quot;\\\/fr\\\/product\\\/1105\\\/salle_pleyel\\\/slimane_symphonique\u0026quot;,\u0026quot;is_sale\u0026quot;:true,\u0026quot;classname\u0026quot;:\u0026quot;sale\u0026quot;,\u0026quot;infos\u0026quot;:\u0026quot;\u0026quot;,\u0026quot;detail_meeting\u0026quot;:\u0026quot;\u0026lt;span\u0026gt;\u0026lt;a href=\\\u0026quot;\\\/fr\\\/product\\\/1105\\\/salle_pleyel\\\/slimane_symphonique\\\u0026quot;\u0026gt;20:00\u0026lt;\\\/a\u0026gt; \u0026lt;\\\/span\u0026gt;\u0026quot;},{\u0026quot;date\u0026quot;:\u0026quot;2026-06-21\u0026quot;,\u0026quot;title\u0026quot;:\u0026quot;SLIMANE SYMPHONIQUE\u0026quot;,\u0026quot;id\u0026quot;:\u0026quot;1048\u0026quot;,\u0026quot;time\u0026quot;:\u0026quot;Dimanche 21 juin 2026 - 18:00\u0026quot;,\u0026quot;time_short\u0026quot;:\u0026quot;18:00\u0026quot;,\u0026quot;url\u0026quot;:\u0026quot;\\\/fr\\\/product\\\/1108\\\/salle_pleyel\\\/slimane_symphonique\u0026quot;,\u0026quot;is_sale\u0026quot;:true,\u0026quot;classname\u0026quot;:\u0026quot;sale\u0026quot;,\u0026quot;infos\u0026quot;:\u0026quot;\u0026quot;,\u0026quot;detail_meeting\u0026quot;:\u0026quot;\u0026lt;span\u0026gt;\u0026lt;a href=\\\u0026quot;\\\/fr\\\/product\\\/1108\\\/salle_pleyel\\\/slimane_symphonique\\\u0026quot;\u0026gt;18:00\u0026lt;\\\/a\u0026gt; \u0026lt;\\\/span\u0026gt;\u0026quot;},{\u0026quot;date\u0026quot;:\u0026quot;2026-06-27\u0026quot;,\u0026quot;title\u0026quot;:\u0026quot;SLIMANE SYMPHONIQUE\u0026quot;,\u0026quot;id\u0026quot;:\u0026quot;1051\u0026quot;,\u0026quot;time\u0026quot;:\u0026quot;Samedi 27 juin 2026 - 20:00\u0026quot;,\u0026quot;time_short\u0026quot;:\u0026quot;20:00\u0026quot;,\u0026quot;url\u0026quot;:\u0026quot;\\\/fr\\\/product\\\/1111\\\/salle_pleyel\\\/slimane_symphonique\u0026quot;,\u0026quot;is_sale\u0026quot;:true,\u0026quot;classname\u0026quot;:\u0026quot;sale\u0026quot;,\u0026quot;infos\u0026quot;:\u0026quot;\u0026quot;,\u0026quot;detail_meeting\u0026quot;:\u0026quot;\u0026lt;span\u0026gt;\u0026lt;a href=\\\u0026quot;\\\/fr\\\/product\\\/1111\\\/salle_pleyel\\\/slimane_symphonique\\\u0026quot;\u0026gt;20:00\u0026lt;\\\/a\u0026gt; \u0026lt;\\\/span\u0026gt;\u0026quot;},{\u0026quot;date\u0026quot;:\u0026quot;2026-06-28\u0026quot;,\u0026quot;title\u0026quot;:\u0026quot;SLIMANE SYMPHONIQUE\u0026quot;,\u0026quot;id\u0026quot;:\u0026quot;1054\u0026quot;,\u0026quot;time\u0026quot;:\u0026quot;Dimanche 28 juin 2026 - 18:00\u0026quot;,\u0026quot;time_short\u0026quot;:\u0026quot;18:00\u0026quot;,\u0026quot;url\u0026quot;:\u0026quot;\\\/fr\\\/product\\\/1114\\\/salle_pleyel\\\/slimane_symphonique\u0026quot;,\u0026quot;is_sale\u0026quot;:true,\u0026quot;classname\u0026quot;:\u0026quot;sale\u0026quot;,\u0026quot;infos\u0026quot;:\u0026quot;\u0026quot;,\u0026quot;detail_meeting\u0026quot;:\u0026quot;\u0026lt;span\u0026gt;\u0026lt;a href=\\\u0026quot;\\\/fr\\\/product\\\/1114\\\/salle_pleyel\\\/slimane_symphonique\\\u0026quot;\u0026gt;18:00\u0026lt;\\\/a\u0026gt; \u0026lt;\\\/span\u0026gt;\u0026quot;},{\u0026quot;date\u0026quot;:\u0026quot;2026-07-02\u0026quot;,\u0026quot;title\u0026quot;:\u0026quot;SLIMANE SYMPHONIQUE\u0026quot;,\u0026quot;id\u0026quot;:\u0026quot;1057\u0026quot;,\u0026quot;time\u0026quot;:\u0026quot;Jeudi 2 juillet 2026 - 20:00\u0026quot;,\u0026quot;time_short\u0026quot;:\u0026quot;20:00\u0026quot;,\u0026quot;url\u0026quot;:\u0026quot;\\\/fr\\\/product\\\/1117\\\/salle_pleyel\\\/slimane_symphonique\u0026quot;,\u0026quot;is_sale\u0026quot;:true,\u0026quot;classname\u0026quot;:\u0026quot;sale\u0026quot;,\u0026quot;infos\u0026quot;:\u0026quot;\u0026quot;,\u0026quot;detail_meeting\u0026quot;:\u0026quot;\u0026lt;span\u0026gt;\u0026lt;a href=\\\u0026quot;\\\/fr\\\/product\\\/1117\\\/salle_pleyel\\\/slimane_symphonique\\\u0026quot;\u0026gt;20:00\u0026lt;\\\/a\u0026gt; \u0026lt;\\\/span\u0026gt;\u0026quot;},{\u0026quot;date\u0026quot;:\u0026quot;2026-07-03\u0026quot;,\u0026quot;title\u0026quot;:\u0026quot;SLIMANE SYMPHONIQUE\u0026quot;,\u0026quot;id\u0026quot;:\u0026quot;1060\u0026quot;,\u0026quot;time\u0026quot;:\u0026quot;Vendredi 3 juillet 2026 - 20:00\u0026quot;,\u0026quot;time_short\u0026quot;:\u0026quot;20:00\u0026quot;,\u0026quot;url\u0026quot;:\u0026quot;\\\/fr\\\/product\\\/1120\\\/salle_pleyel\\\/slimane_symphonique\u0026quot;,\u0026quot;is_sale\u0026quot;:true,\u0026quot;classname\u0026quot;:\u0026quot;sale\u0026quot;,\u0026quot;infos\u0026quot;:\u0026quot;\u0026quot;,\u0026quot;detail_meeting\u0026quot;:\u0026quot;\u0026lt;span\u0026gt;\u0026lt;a href=\\\u0026quot;\\\/fr\\\/product\\\/1120\\\/salle_pleyel\\\/slimane_symphonique\\\u0026quot;\u0026gt;20:00\u0026lt;\\\/a\u0026gt; \u0026lt;\\\/span\u0026gt;\u0026quot;},{\u0026quot;date\u0026quot;:\u0026quot;2026-07-04\u0026quot;,\u0026quot;title\u0026quot;:\u0026quot;SLIMANE SYMPHONIQUE\u0026quot;,\u0026quot;id\u0026quot;:\u0026quot;1063\u0026quot;,\u0026quot;time\u0026quot;:\u0026quot;Samedi 4 juillet 2026 - 20:00\u0026quot;,\u0026quot;time_short\u0026quot;:\u0026quot;20:00\u0026quot;,\u0026quot;url\u0026quot;:\u0026quot;\\\/fr\\\/product\\\/1123\\\/salle_pleyel\\\/slimane_symphonique\u0026quot;,\u0026quot;is_sale\u0026quot;:true,\u0026quot;classname\u0026quot;:\u0026quot;sale\u0026quot;,\u0026quot;infos\u0026quot;:\u0026quot;\u0026quot;,\u0026quot;detail_meeting\u0026quot;:\u0026quot;\u0026lt;span\u0026gt;\u0026lt;a href=\\\u0026quot;\\\/fr\\\/product\\\/1123\\\/salle_pleyel\\\/slimane_symphonique\\\u0026quot;\u0026gt;20:00\u0026lt;\\\/a\u0026gt; \u0026lt;\\\/span\u0026gt;\u0026quot;},{\u0026quot;date\u0026quot;:\u0026quot;2026-07-05\u0026quot;,\u0026quot;title\u0026quot;:\u0026quot;SLIMANE SYMPHONIQUE\u0026quot;,\u0026quot;id\u0026quot;:\u0026quot;1066\u0026quot;,\u0026quot;time\u0026quot;:\u0026quot;Dimanche 5 juillet 2026 - 18:00\u0026quot;,\u0026quot;time_short\u0026quot;:\u0026quot;18:00\u0026quot;,\u0026quot;url\u0026quot;:\u0026quot;\\\/fr\\\/product\\\/1126\\\/salle_pleyel\\\/slimane_symphonique\u0026quot;,\u0026quot;is_sale\u0026quot;:true,\u0026quot;classname\u0026quot;:\u0026quot;sale\u0026quot;,\u0026quot;infos\u0026quot;:\u0026quot;\u0026quot;,\u0026quot;detail_meeting\u0026quot;:\u0026quot;\u0026lt;span\u0026gt;\u0026lt;a href=\\\u0026quot;\\\/fr\\\/product\\\/1126\\\/salle_pleyel\\\/slimane_symphonique\\\u0026quot;\u0026gt;18:00\u0026lt;\\\/a\u0026gt; \u0026lt;\\\/span\u0026gt;\u0026quot;}],\u0026quot;year\u0026quot;:\u0026quot;2026\u0026quot;,\u0026quot;month\u0026quot;:\u0026quot;06\u0026quot;,\u0026quot;max_year\u0026quot;:\u0026quot;2026\u0026quot;,\u0026quot;max_month\u0026quot;:\u0026quot;07\u0026quot;,\u0026quot;language\u0026quot;:\u0026quot;fr\u0026quot;,\u0026quot;eventClickFunction\u0026quot;:\u0026quot;Drupal.behaviors.hubberManifestation.meetingSelectEvent\u0026quot;}\u0022 \/\u003E\n\u003Cdiv data-drupal-selector=\u0022edit-meeting-calendar-calendar-render\u0022 class=\u0022js-calendar hubber-calendar\u0022\u003E\u003C\/div\u003E\n\n                          \u003C\/div\u003E\n\u003Cinput autocomplete=\u0022off\u0022 data-drupal-selector=\u0022form-4f9koerczd6anhwtqk0qiokvu-rkyc-w1oujtogjgto\u0022 type=\u0022hidden\u0022 name=\u0022form_build_id\u0022 value=\u0022form-4f9kOERczd6anHwTqK0QiOKvU-rKyc-W1OujTOGjgTo\u0022 class=\u0022form-control\u0022 \/\u003E\n\u003Cinput data-drupal-selector=\u0022edit-hubber-select-meeting-form\u0022 type=\u0022hidden\u0022 name=\u0022form_id\u0022 value=\u0022hubber_select_meeting_form\u0022 class=\u0022form-control\u0022 \/\u003E\n\n\u003C\/form\u003E\n","dialogOptions":{"classes":{"ui-dialog":"popup-dialog-class bottom-anim-init modal-select-meeting"},"modal":true,"title":"Choisir une autre date"}}]